{"id":1445,"date":"2024-01-24T13:56:36","date_gmt":"2024-01-24T13:56:36","guid":{"rendered":"https:\/\/bestattungen-schuett.de\/?p=1445"},"modified":"2024-03-19T11:28:54","modified_gmt":"2024-03-19T11:28:54","slug":"schueler-projekt","status":"publish","type":"post","link":"https:\/\/bestattungen-schuett.de\/en\/news\/schueler-projekt\/","title":{"rendered":"SCH\u00dcLER-PROJEKT"},"content":{"rendered":"<div data-elementor-type=\"wp-post\" data-elementor-id=\"1445\" class=\"elementor elementor-1445\" data-elementor-post-type=\"post\">\n\t\t\t\t\t\t<section class=\"elementor-section elementor-top-section elementor-element elementor-element-be8c823 elementor-section-boxed elementor-section-height-default elementor-section-height-default\" data-id=\"be8c823\" data-element_type=\"section\" data-e-type=\"section\" data-settings=\"{&quot;background_background&quot;:&quot;classic&quot;}\">\n\t\t\t\t\t\t<div class=\"elementor-container elementor-column-gap-default\">\n\t\t\t\t\t<div class=\"elementor-column elementor-col-100 elementor-top-column elementor-element elementor-element-0e9d14d\" data-id=\"0e9d14d\" data-element_type=\"column\" data-e-type=\"column\">\n\t\t\t<div class=\"elementor-widget-wrap elementor-element-populated\">\n\t\t\t\t\t\t<div class=\"elementor-element elementor-element-3f214e0 elementor-widget elementor-widget-image\" data-id=\"3f214e0\" data-element_type=\"widget\" data-e-type=\"widget\" data-widget_type=\"image.default\">\n\t\t\t\t<div class=\"elementor-widget-container\">\n\t\t\t\t\t\t\t\t\t\t\t\t\t\t\t<img fetchpriority=\"high\" decoding=\"async\" width=\"750\" height=\"376\" src=\"https:\/\/bestattungen-schuett.de\/wp-content\/uploads\/2022\/05\/dc04059f-1024x513.jpg\" class=\"attachment-large size-large wp-image-587\" alt=\"\" srcset=\"https:\/\/bestattungen-schuett.de\/wp-content\/uploads\/2022\/05\/dc04059f-1024x513.jpg 1024w, https:\/\/bestattungen-schuett.de\/wp-content\/uploads\/2022\/05\/dc04059f-300x150.jpg 300w, https:\/\/bestattungen-schuett.de\/wp-content\/uploads\/2022\/05\/dc04059f-768x385.jpg 768w, https:\/\/bestattungen-schuett.de\/wp-content\/uploads\/2022\/05\/dc04059f-1536x770.jpg 1536w, https:\/\/bestattungen-schuett.de\/wp-content\/uploads\/2022\/05\/dc04059f-2048x1027.jpg 2048w, https:\/\/bestattungen-schuett.de\/wp-content\/uploads\/2022\/05\/dc04059f-1568x786.jpg 1568w\" sizes=\"(max-width: 750px) 100vw, 750px\" style=\"width:100%;height:50.16%;max-width:2560px\" \/>\t\t\t\t\t\t\t\t\t\t\t\t\t\t\t<\/div>\n\t\t\t\t<\/div>\n\t\t\t\t<div class=\"elementor-element elementor-element-b9f5cd1 elementor-widget elementor-widget-text-editor\" data-id=\"b9f5cd1\" data-element_type=\"widget\" data-e-type=\"widget\" data-widget_type=\"text-editor.default\">\n\t\t\t\t<div class=\"elementor-widget-container\">\n\t\t\t\t\t\t\t\t\t<p>Bestatter Michael Sch\u00fctt hat in den vergangenen Wochen ein Projekt mit Sch\u00fclern des 11. und 12. Jahrgangs des Gymnasiums und der Stadtteilschule Rissen erfolgreich begleitet.<\/p>\n<p>\u00a0<\/p>\t\t\t\t\t\t\t\t<\/div>\n\t\t\t\t<\/div>\n\t\t\t\t\t<\/div>\n\t\t<\/div>\n\t\t\t\t\t<\/div>\n\t\t<\/section>\n\t\t\t\t<section class=\"elementor-section elementor-top-section elementor-element elementor-element-1379482 elementor-section-boxed elementor-section-height-default elementor-section-height-default\" data-id=\"1379482\" data-element_type=\"section\" data-e-type=\"section\" data-settings=\"{&quot;background_background&quot;:&quot;classic&quot;}\">\n\t\t\t\t\t\t<div class=\"elementor-container elementor-column-gap-default\">\n\t\t\t\t\t<div class=\"elementor-column elementor-col-100 elementor-top-column elementor-element elementor-element-60aee1b\" data-id=\"60aee1b\" data-element_type=\"column\" data-e-type=\"column\">\n\t\t\t<div class=\"elementor-widget-wrap elementor-element-populated\">\n\t\t\t\t\t\t<div class=\"elementor-element elementor-element-26b143d elementor-widget elementor-widget-text-editor\" data-id=\"26b143d\" data-element_type=\"widget\" data-e-type=\"widget\" data-widget_type=\"text-editor.default\">\n\t\t\t\t<div class=\"elementor-widget-container\">\n\t\t\t\t\t\t\t\t\t<p>Die Jugendlichen haben als Team \u201eElbbusiness\u201c an einem Wirtschaftskursus teilgenommen, in dem ein lokales Unternehmen analysiert werden sollte. Leonie Krenzien, Lasse Wiedbrauk, Emma Ball, Marie von Renner, Paula Ball und Paulina Ratzmann hatten f\u00fcr ihre Recherchen gezielt das Bestattungsinstitut Michael Sch\u00fctt ausgew\u00e4hlt. \u201eAuf die Idee mit der lokalen Firma zu arbeiten, sind wir gekommen, da das Unternehmen mit seinem Standort in Rissen sehr interessant f\u00fcr uns war. Au\u00dferdem wollten wir der Standardanalyse entweichen und haben mit Bestattungen Michael Sch\u00fctt ein junges und innovatives Unternehmen gefunden\u201c, betonen die Projektteilnehmer. Sch\u00fctt erl\u00e4uterte den Jugendlichen die Aufgaben und den Aufbau seines Unternehmens, lie\u00df sie hinter die Kulissen schauen und stand in einem Interview Rede und Antwort zu Fragen von Wirtschaftlichkeit und Marketing.<\/p>\t\t\t\t\t\t\t\t<\/div>\n\t\t\t\t<\/div>\n\t\t\t\t\t<\/div>\n\t\t<\/div>\n\t\t\t\t\t<\/div>\n\t\t<\/section>\n\t\t\t\t<section class=\"elementor-section elementor-top-section elementor-element elementor-element-df7b154 elementor-section-boxed elementor-section-height-default elementor-section-height-default\" data-id=\"df7b154\" data-element_type=\"section\" data-e-type=\"section\" data-settings=\"{&quot;background_background&quot;:&quot;classic&quot;}\">\n\t\t\t\t\t\t<div class=\"elementor-container elementor-column-gap-default\">\n\t\t\t\t\t<div class=\"elementor-column elementor-col-50 elementor-top-column elementor-element elementor-element-c4b92fd\" data-id=\"c4b92fd\" data-element_type=\"column\" data-e-type=\"column\">\n\t\t\t<div class=\"elementor-widget-wrap elementor-element-populated\">\n\t\t\t\t\t\t<div class=\"elementor-element elementor-element-01ba57b elementor-widget elementor-widget-text-editor\" data-id=\"01ba57b\" data-element_type=\"widget\" data-e-type=\"widget\" data-widget_type=\"text-editor.default\">\n\t\t\t\t<div class=\"elementor-widget-container\">\n\t\t\t\t\t\t\t\t\t<p id=\"isPasted\">\u00dcber einen Zeitraum von zwei Monaten wurden bei f\u00fcnf Treffen alle f\u00fcr die Unternehmensanalyse erforderlichen Informationen zusammengetragen. Sch\u00fctt begleitete die Sch\u00fclerinnen und Sch\u00fcler auch bei der Erstellung ihrer Projektarbeit und der damit verbundenen Pr\u00e4sentation vor einer Jury bestehend aus Lehrkr\u00e4ften, Unternehmensberatern und Mitarbeitern einer Bank.\u00a0<\/p>\n<p><!-- \/wp:paragraph --><!-- wp:paragraph --><\/p>\n<p>Die Jugendlichen und Bestatter Sch\u00fctt haben gut und erfolgreich zusammengearbeitet, belegte das Team \u201eElbbusiness\u201c unter allen verteidigten Projektthemen doch den zweiten Platz. \u201eIch danke dem Team \u201aElbbusiness\u2018 f\u00fcr die gro\u00dfartige, interessante und auch f\u00fcr mich eindrucksvolle Arbeit\u201c, so Sch\u00fctt zum Ergebnis.\u00a0<\/p>\t\t\t\t\t\t\t\t<\/div>\n\t\t\t\t<\/div>\n\t\t\t\t\t<\/div>\n\t\t<\/div>\n\t\t\t\t<div class=\"elementor-column elementor-col-50 elementor-top-column elementor-element elementor-element-98539e6\" data-id=\"98539e6\" data-element_type=\"column\" data-e-type=\"column\">\n\t\t\t<div class=\"elementor-widget-wrap elementor-element-populated\">\n\t\t\t\t\t\t<div class=\"elementor-element elementor-element-113ca74 elementor-widget elementor-widget-image\" data-id=\"113ca74\" data-element_type=\"widget\" data-e-type=\"widget\" data-widget_type=\"image.default\">\n\t\t\t\t<div class=\"elementor-widget-container\">\n\t\t\t\t\t\t\t\t\t\t\t\t\t\t\t<img decoding=\"async\" width=\"576\" height=\"432\" src=\"https:\/\/bestattungen-schuett.de\/wp-content\/uploads\/2024\/01\/PHOTO-2022-10-03-12-34-44.jpg\" class=\"attachment-large size-large wp-image-1446\" alt=\"\" srcset=\"https:\/\/bestattungen-schuett.de\/wp-content\/uploads\/2024\/01\/PHOTO-2022-10-03-12-34-44.jpg 576w, https:\/\/bestattungen-schuett.de\/wp-content\/uploads\/2024\/01\/PHOTO-2022-10-03-12-34-44-300x225.jpg 300w\" sizes=\"(max-width: 576px) 100vw, 576px\" style=\"width:100%;height:75%;max-width:576px\" \/>\t\t\t\t\t\t\t\t\t\t\t\t\t\t\t<\/div>\n\t\t\t\t<\/div>\n\t\t\t\t\t<\/div>\n\t\t<\/div>\n\t\t\t\t\t<\/div>\n\t\t<\/section>\n\t\t\t\t<section class=\"elementor-section elementor-top-section elementor-element elementor-element-28804a8 elementor-section-boxed elementor-section-height-default elementor-section-height-default\" data-id=\"28804a8\" data-element_type=\"section\" data-e-type=\"section\">\n\t\t\t\t\t\t<div class=\"elementor-container elementor-column-gap-default\">\n\t\t\t\t\t<div class=\"elementor-column elementor-col-100 elementor-top-column elementor-element elementor-element-d19f56a\" data-id=\"d19f56a\" data-element_type=\"column\" data-e-type=\"column\">\n\t\t\t<div class=\"elementor-widget-wrap elementor-element-populated\">\n\t\t\t\t\t\t<div class=\"elementor-element elementor-element-b84eace elementor-widget elementor-widget-text-editor\" data-id=\"b84eace\" data-element_type=\"widget\" data-e-type=\"widget\" data-widget_type=\"text-editor.default\">\n\t\t\t\t<div class=\"elementor-widget-container\">\n\t\t\t\t\t\t\t\t\t<p>Quelle: Elbbusiness \u2013 <a href=\"https:\/\/www.der-rissener.de\">Der Rissener<\/a> vom 7.3.23<\/p>\t\t\t\t\t\t\t\t<\/div>\n\t\t\t\t<\/div>\n\t\t\t\t\t<\/div>\n\t\t<\/div>\n\t\t\t\t\t<\/div>\n\t\t<\/section>\n\t\t\t\t<\/div>","protected":false},"excerpt":{"rendered":"<p>Bestatter Michael Sch\u00fctt hat in den vergangenen Wochen ein Projekt mit Sch\u00fclern des 11. und 12. Jahrgangs des Gymnasiums und der Stadtteilschule Rissen erfolgreich begleitet. \u00a0 Die Jugendlichen haben als&hellip; <a class=\"more-link\" href=\"https:\/\/bestattungen-schuett.de\/en\/news\/schueler-projekt\/\">Continue reading <span class=\"screen-reader-text\">SCH\u00dcLER-PROJEKT<\/span><\/a><\/p>","protected":false},"author":1,"featured_media":0,"comment_status":"open","ping_status":"open","sticky":false,"template":"elementor_header_footer","format":"standard","meta":{"footnotes":""},"categories":[13],"tags":[],"class_list":["post-1445","post","type-post","status-publish","format-standard","hentry","category-news","entry"],"_links":{"self":[{"href":"https:\/\/bestattungen-schuett.de\/en\/wp-json\/wp\/v2\/posts\/1445","targetHints":{"allow":["GET"]}}],"collection":[{"href":"https:\/\/bestattungen-schuett.de\/en\/wp-json\/wp\/v2\/posts"}],"about":[{"href":"https:\/\/bestattungen-schuett.de\/en\/wp-json\/wp\/v2\/types\/post"}],"author":[{"embeddable":true,"href":"https:\/\/bestattungen-schuett.de\/en\/wp-json\/wp\/v2\/users\/1"}],"replies":[{"embeddable":true,"href":"https:\/\/bestattungen-schuett.de\/en\/wp-json\/wp\/v2\/comments?post=1445"}],"version-history":[{"count":13,"href":"https:\/\/bestattungen-schuett.de\/en\/wp-json\/wp\/v2\/posts\/1445\/revisions"}],"predecessor-version":[{"id":1548,"href":"https:\/\/bestattungen-schuett.de\/en\/wp-json\/wp\/v2\/posts\/1445\/revisions\/1548"}],"wp:attachment":[{"href":"https:\/\/bestattungen-schuett.de\/en\/wp-json\/wp\/v2\/media?parent=1445"}],"wp:term":[{"taxonomy":"category","embeddable":true,"href":"https:\/\/bestattungen-schuett.de\/en\/wp-json\/wp\/v2\/categories?post=1445"},{"taxonomy":"post_tag","embeddable":true,"href":"https:\/\/bestattungen-schuett.de\/en\/wp-json\/wp\/v2\/tags?post=1445"}],"curies":[{"name":"wp","href":"https:\/\/api.w.org\/{rel}","templated":true}]}}