{"id":1491,"date":"2024-02-08T13:01:29","date_gmt":"2024-02-08T13:01:29","guid":{"rendered":"https:\/\/bestattungen-schuett.de\/?p=1491"},"modified":"2024-09-03T15:03:39","modified_gmt":"2024-09-03T15:03:39","slug":"nun-zwei-kompetente-kraefte-bei-bestattungen-michael-schuett","status":"publish","type":"post","link":"https:\/\/bestattungen-schuett.de\/en\/news\/nun-zwei-kompetente-kraefte-bei-bestattungen-michael-schuett\/","title":{"rendered":"Verst\u00e4rkung bei Bestattungen Michael Sch\u00fctt"},"content":{"rendered":"<div data-elementor-type=\"wp-post\" data-elementor-id=\"1491\" class=\"elementor elementor-1491\" data-elementor-post-type=\"post\">\n\t\t\t\t\t\t<section class=\"elementor-section elementor-top-section elementor-element elementor-element-587f2d8a elementor-section-boxed elementor-section-height-default elementor-section-height-default\" data-id=\"587f2d8a\" data-element_type=\"section\" data-e-type=\"section\" data-settings=\"{&quot;background_background&quot;:&quot;classic&quot;}\">\n\t\t\t\t\t\t<div class=\"elementor-container elementor-column-gap-default\">\n\t\t\t\t\t<div class=\"elementor-column elementor-col-100 elementor-top-column elementor-element elementor-element-7fb10439\" data-id=\"7fb10439\" data-element_type=\"column\" data-e-type=\"column\">\n\t\t\t<div class=\"elementor-widget-wrap elementor-element-populated\">\n\t\t\t\t\t\t<div class=\"elementor-element elementor-element-143463bd elementor-widget elementor-widget-image\" data-id=\"143463bd\" data-element_type=\"widget\" data-e-type=\"widget\" data-widget_type=\"image.default\">\n\t\t\t\t<div class=\"elementor-widget-container\">\n\t\t\t\t\t\t\t\t\t\t\t\t\t\t\t<img fetchpriority=\"high\" decoding=\"async\" width=\"750\" height=\"563\" src=\"https:\/\/bestattungen-schuett.de\/wp-content\/uploads\/2024\/02\/IMG_8949-1024x768.png\" class=\"attachment-large size-large wp-image-1492\" alt=\"\" srcset=\"https:\/\/bestattungen-schuett.de\/wp-content\/uploads\/2024\/02\/IMG_8949-1024x768.png 1024w, https:\/\/bestattungen-schuett.de\/wp-content\/uploads\/2024\/02\/IMG_8949-300x225.png 300w, https:\/\/bestattungen-schuett.de\/wp-content\/uploads\/2024\/02\/IMG_8949-768x576.png 768w, https:\/\/bestattungen-schuett.de\/wp-content\/uploads\/2024\/02\/IMG_8949-1536x1152.png 1536w, https:\/\/bestattungen-schuett.de\/wp-content\/uploads\/2024\/02\/IMG_8949-16x12.png 16w, https:\/\/bestattungen-schuett.de\/wp-content\/uploads\/2024\/02\/IMG_8949-1568x1176.png 1568w, https:\/\/bestattungen-schuett.de\/wp-content\/uploads\/2024\/02\/IMG_8949.png 1800w\" sizes=\"(max-width: 750px) 100vw, 750px\" style=\"width:100%;height:75%;max-width:1800px\" \/>\t\t\t\t\t\t\t\t\t\t\t\t\t\t\t<\/div>\n\t\t\t\t<\/div>\n\t\t\t\t<div class=\"elementor-element elementor-element-03e28ed elementor-widget elementor-widget-text-editor\" data-id=\"03e28ed\" data-element_type=\"widget\" data-e-type=\"widget\" data-widget_type=\"text-editor.default\">\n\t\t\t\t<div class=\"elementor-widget-container\">\n\t\t\t\t\t\t\t\t\t<p>Michael Sch\u00fctt hat in seinem Bestattungsunternehmen seit Jahresbeginn Sonja B\u00f6hm als einf\u00fchlsame Mitarbeiterin und Spezialistin f\u00fcr Trauerdrucksachen an der Seite.<\/p>\t\t\t\t\t\t\t\t<\/div>\n\t\t\t\t<\/div>\n\t\t\t\t\t<\/div>\n\t\t<\/div>\n\t\t\t\t\t<\/div>\n\t\t<\/section>\n\t\t\t\t<section class=\"elementor-section elementor-top-section elementor-element elementor-element-671453d0 elementor-section-boxed elementor-section-height-default elementor-section-height-default\" data-id=\"671453d0\" data-element_type=\"section\" data-e-type=\"section\" data-settings=\"{&quot;background_background&quot;:&quot;classic&quot;}\">\n\t\t\t\t\t\t<div class=\"elementor-container elementor-column-gap-default\">\n\t\t\t\t\t<div class=\"elementor-column elementor-col-100 elementor-top-column elementor-element elementor-element-2ac44a5b\" data-id=\"2ac44a5b\" data-element_type=\"column\" data-e-type=\"column\">\n\t\t\t<div class=\"elementor-widget-wrap elementor-element-populated\">\n\t\t\t\t\t\t<div class=\"elementor-element elementor-element-7613a33d elementor-widget elementor-widget-text-editor\" data-id=\"7613a33d\" data-element_type=\"widget\" data-e-type=\"widget\" data-widget_type=\"text-editor.default\">\n\t\t\t\t<div class=\"elementor-widget-container\">\n\t\t\t\t\t\t\t\t\t<p>Seit knapp zweieinhalb Jahren steht Michael Sch\u00fctt mit seinem Bestattungsunternehmen Hinterbliebenen beim Erledigen von Formalit\u00e4ten, der Auswahl einer w\u00fcrdigen Bestattungsform und bei der Trauerbew\u00e4ltigung zur Seite. Seit Beginn des Jahres unterst\u00fctzt ihn nun hierbei Sonja B\u00f6hm.<\/p><p>\u201eIch freue mich, Sonja B\u00f6hm an meiner Seite zu haben. Sie ist eine wundervolle Erg\u00e4nzung f\u00fcr mein Unternehmen&#8220;, betont Michael Sch\u00fctt. Seine Mitarbeiterin hat bereits Erfahrungen in einem renommierten Bestattungsinstitut gesammelt. Ihre ruhige und geduldige Art, gepaart mit einer kreativen Ader, hat sie unter anderem zu einer Spezialistin f\u00fcr Trauerdrucksachen gemacht.<\/p><p>\u201eIch bin dankbar, dass ich hier all meine F\u00e4higkeiten verbinden und den Angeh\u00f6rigen in schweren Zeiten eine St\u00fctze sein darf&#8220;, sagt Sonja B\u00f6hm. Und Michael Sch\u00fctt erg\u00e4nzt: Wie ein Leuchtturm geben wir Ihnen Licht, leuchten Ihnen den Weg und begleiten Sie durch dunkle Zeiten. Wir stellen uns auf Ihre W\u00fcnsche ein und gestalten mit Ihnen die Beisetzung Ihrer Lieben.&#8220;<\/p>\t\t\t\t\t\t\t\t<\/div>\n\t\t\t\t<\/div>\n\t\t\t\t\t<\/div>\n\t\t<\/div>\n\t\t\t\t\t<\/div>\n\t\t<\/section>\n\t\t\t\t<section class=\"elementor-section elementor-top-section elementor-element elementor-element-9fad5bf elementor-section-boxed elementor-section-height-default elementor-section-height-default\" data-id=\"9fad5bf\" data-element_type=\"section\" data-e-type=\"section\" data-settings=\"{&quot;background_background&quot;:&quot;classic&quot;}\">\n\t\t\t\t\t\t<div class=\"elementor-container elementor-column-gap-default\">\n\t\t\t\t\t<div class=\"elementor-column elementor-col-100 elementor-top-column elementor-element elementor-element-0f1095e\" data-id=\"0f1095e\" data-element_type=\"column\" data-e-type=\"column\">\n\t\t\t<div class=\"elementor-widget-wrap elementor-element-populated\">\n\t\t\t\t\t\t<div class=\"elementor-element elementor-element-5c04f58 elementor-widget elementor-widget-text-editor\" data-id=\"5c04f58\" data-element_type=\"widget\" data-e-type=\"widget\" data-widget_type=\"text-editor.default\">\n\t\t\t\t<div class=\"elementor-widget-container\">\n\t\t\t\t\t\t\t\t\t<p>Quelle: Zwei Kompetente Kr\u00e4fte \u2013 <a href=\"https:\/\/www.der-rissener.de\">Der Rissener<\/a> vom 8.2.24<\/p>\t\t\t\t\t\t\t\t<\/div>\n\t\t\t\t<\/div>\n\t\t\t\t\t<\/div>\n\t\t<\/div>\n\t\t\t\t\t<\/div>\n\t\t<\/section>\n\t\t\t\t<\/div>","protected":false},"excerpt":{"rendered":"<p>Michael Sch\u00fctt hat in seinem Bestattungsunternehmen seit Jahresbeginn Sonja B\u00f6hm als einf\u00fchlsame Mitarbeiterin und Spezialistin f\u00fcr Trauerdrucksachen an der Seite. Seit knapp zweieinhalb Jahren steht Michael Sch\u00fctt mit seinem Bestattungsunternehmen&hellip; <a class=\"more-link\" href=\"https:\/\/bestattungen-schuett.de\/en\/news\/nun-zwei-kompetente-kraefte-bei-bestattungen-michael-schuett\/\">Continue reading <span class=\"screen-reader-text\">Verst\u00e4rkung bei Bestattungen Michael Sch\u00fctt<\/span><\/a><\/p>","protected":false},"author":1,"featured_media":0,"comment_status":"open","ping_status":"open","sticky":false,"template":"elementor_header_footer","format":"standard","meta":{"footnotes":""},"categories":[13],"tags":[],"class_list":["post-1491","post","type-post","status-publish","format-standard","hentry","category-news","entry"],"_links":{"self":[{"href":"https:\/\/bestattungen-schuett.de\/en\/wp-json\/wp\/v2\/posts\/1491","targetHints":{"allow":["GET"]}}],"collection":[{"href":"https:\/\/bestattungen-schuett.de\/en\/wp-json\/wp\/v2\/posts"}],"about":[{"href":"https:\/\/bestattungen-schuett.de\/en\/wp-json\/wp\/v2\/types\/post"}],"author":[{"embeddable":true,"href":"https:\/\/bestattungen-schuett.de\/en\/wp-json\/wp\/v2\/users\/1"}],"replies":[{"embeddable":true,"href":"https:\/\/bestattungen-schuett.de\/en\/wp-json\/wp\/v2\/comments?post=1491"}],"version-history":[{"count":32,"href":"https:\/\/bestattungen-schuett.de\/en\/wp-json\/wp\/v2\/posts\/1491\/revisions"}],"predecessor-version":[{"id":1971,"href":"https:\/\/bestattungen-schuett.de\/en\/wp-json\/wp\/v2\/posts\/1491\/revisions\/1971"}],"wp:attachment":[{"href":"https:\/\/bestattungen-schuett.de\/en\/wp-json\/wp\/v2\/media?parent=1491"}],"wp:term":[{"taxonomy":"category","embeddable":true,"href":"https:\/\/bestattungen-schuett.de\/en\/wp-json\/wp\/v2\/categories?post=1491"},{"taxonomy":"post_tag","embeddable":true,"href":"https:\/\/bestattungen-schuett.de\/en\/wp-json\/wp\/v2\/tags?post=1491"}],"curies":[{"name":"wp","href":"https:\/\/api.w.org\/{rel}","templated":true}]}}